{"id":9652,"date":"2021-01-23T18:20:00","date_gmt":"2021-01-23T17:20:00","guid":{"rendered":"https:\/\/mazou-avocats.ch\/proces-historique-de-beny-steinmetz\/"},"modified":"2024-09-20T08:06:55","modified_gmt":"2024-09-20T06:06:55","slug":"proces-historique-de-beny-steinmetz","status":"publish","type":"post","link":"https:\/\/mazou-avocats.ch\/en\/news\/articles\/proces-historique-de-beny-steinmetz\/","title":{"rendered":"Proc\u00e8s historique de Beny Steinmetz"},"content":{"rendered":"\n<p>Cinq ans de peine privative de libert\u00e9. Telle est la sanction que le Tribunal correctionnel genevois a prononc\u00e9 vendredi contre Beny Steinmetz. Ce dernier a \u00e9t\u00e9&nbsp;<a href=\"https:\/\/www.letemps.ch\/suisse\/jugement-condamne-beny-steinmetz-acolytes\">reconnu coupable de corruption<\/a>&nbsp;d\u2019agents publics \u00e9trangers et de faux dans les titres en lien avec des faits dont l\u2019accusation a plaid\u00e9 qu\u2019il s\u2019agissait d\u2019un&nbsp;<em>\u00ab<\/em>&nbsp;<a href=\"https:\/\/www.letemps.ch\/suisse\/laffaire-steinmetz-cest-un-cas-decole-matiere-corruption\">cas d\u2019\u00e9cole \u00bb<\/a> de corruption.<\/p>\n\n\n\n<p>Il s\u2019agit l\u00e0 d\u2019un jugement historique parce que l\u2019art. 322 septies du code p\u00e9nal (CP), qui r\u00e9prime la corruption d\u2019agents publics \u00e9trangers, n\u2019a \u00e9t\u00e9 que peu appliqu\u00e9 depuis son entr\u00e9e en vigueur en Suisse il y a 20 ans, et encore moins \u00e0 une personne physique et au terme d\u2019un proc\u00e8s public.<\/p>\n\n\n\n<div class=\"wp-block-buttons is-content-justification-center is-layout-flex wp-block-buttons-is-layout-flex\">\n<div class=\"wp-block-button\"><a class=\"wp-block-button__link\" href=\"https:\/\/blogs.letemps.ch\/miriam-mazou\/2021\/01\/23\/beny-steinmetz-pourquoi-son-proces-a-ete-historique-en-suisse\/\" target=\"_blank\" rel=\"noreferrer noopener\">En savoir plus<\/a><\/div>\n<\/div>\n\n\n\n<p><\/p>\n","protected":false},"excerpt":{"rendered":"<p>Cinq ans de peine privative de libert\u00e9. Telle est la sanction que le Tribunal correctionnel genevois a prononc\u00e9 vendredi contre Beny Steinmetz. Ce dernier a \u00e9t\u00e9&nbsp;reconnu coupable de corruption&nbsp;d\u2019agents publics \u00e9trangers et de faux dans les titres en lien avec des faits dont l\u2019accusation a plaid\u00e9 qu\u2019il s\u2019agissait d\u2019un&nbsp;\u00ab&nbsp;cas d\u2019\u00e9cole \u00bb de corruption. Il s\u2019agit [&hellip;]<\/p>\n","protected":false},"author":5,"featured_media":0,"comment_status":"closed","ping_status":"closed","sticky":false,"template":"","format":"standard","meta":{"footnotes":""},"categories":[50],"tags":[],"class_list":["post-9652","post","type-post","status-publish","format-standard","hentry","category-articles"],"yoast_head":"<!-- This site is optimized with the Yoast SEO plugin v27.4 - https:\/\/yoast.com\/product\/yoast-seo-wordpress\/ -->\n<title>Proc\u00e8s historique de Beny Steinmetz - mazou-avocats.ch<\/title>\n<meta name=\"robots\" content=\"index, follow, max-snippet:-1, max-image-preview:large, max-video-preview:-1\" \/>\n<link rel=\"canonical\" href=\"https:\/\/mazou-avocats.ch\/en\/news\/articles\/proces-historique-de-beny-steinmetz\/\" \/>\n<meta property=\"og:locale\" content=\"en_US\" \/>\n<meta property=\"og:type\" content=\"article\" \/>\n<meta property=\"og:title\" content=\"Proc\u00e8s historique de Beny Steinmetz - mazou-avocats.ch\" \/>\n<meta property=\"og:description\" content=\"Cinq ans de peine privative de libert\u00e9. Telle est la sanction que le Tribunal correctionnel genevois a prononc\u00e9 vendredi contre Beny Steinmetz. Ce dernier a \u00e9t\u00e9&nbsp;reconnu coupable de corruption&nbsp;d\u2019agents publics \u00e9trangers et de faux dans les titres en lien avec des faits dont l\u2019accusation a plaid\u00e9 qu\u2019il s\u2019agissait d\u2019un&nbsp;\u00ab&nbsp;cas d\u2019\u00e9cole \u00bb de corruption. Il s\u2019agit [&hellip;]\" \/>\n<meta property=\"og:url\" content=\"https:\/\/mazou-avocats.ch\/en\/news\/articles\/proces-historique-de-beny-steinmetz\/\" \/>\n<meta property=\"og:site_name\" content=\"mazou-avocats.ch\" \/>\n<meta property=\"article:published_time\" content=\"2021-01-23T17:20:00+00:00\" \/>\n<meta property=\"article:modified_time\" content=\"2024-09-20T06:06:55+00:00\" \/>\n<meta name=\"author\" content=\"Miriam Mazou\" \/>\n<meta name=\"twitter:card\" content=\"summary_large_image\" \/>\n<meta name=\"twitter:label1\" content=\"Written by\" \/>\n\t<meta name=\"twitter:data1\" content=\"Miriam Mazou\" \/>\n\t<meta name=\"twitter:label2\" content=\"Est. reading time\" \/>\n\t<meta name=\"twitter:data2\" content=\"1 minute\" \/>\n<script type=\"application\/ld+json\" class=\"yoast-schema-graph\">{\"@context\":\"https:\\\/\\\/schema.org\",\"@graph\":[{\"@type\":\"Article\",\"@id\":\"https:\\\/\\\/mazou-avocats.ch\\\/en\\\/news\\\/articles\\\/proces-historique-de-beny-steinmetz\\\/#article\",\"isPartOf\":{\"@id\":\"https:\\\/\\\/mazou-avocats.ch\\\/en\\\/news\\\/articles\\\/proces-historique-de-beny-steinmetz\\\/\"},\"author\":{\"name\":\"Miriam Mazou\",\"@id\":\"https:\\\/\\\/mazou-avocats.ch\\\/en\\\/#\\\/schema\\\/person\\\/d44654791b728b843e14ebb13dd60728\"},\"headline\":\"Proc\u00e8s historique de Beny Steinmetz\",\"datePublished\":\"2021-01-23T17:20:00+00:00\",\"dateModified\":\"2024-09-20T06:06:55+00:00\",\"mainEntityOfPage\":{\"@id\":\"https:\\\/\\\/mazou-avocats.ch\\\/en\\\/news\\\/articles\\\/proces-historique-de-beny-steinmetz\\\/\"},\"wordCount\":133,\"publisher\":{\"@id\":\"https:\\\/\\\/mazou-avocats.ch\\\/en\\\/#organization\"},\"articleSection\":[\"Articles\"],\"inLanguage\":\"en-US\"},{\"@type\":\"WebPage\",\"@id\":\"https:\\\/\\\/mazou-avocats.ch\\\/en\\\/news\\\/articles\\\/proces-historique-de-beny-steinmetz\\\/\",\"url\":\"https:\\\/\\\/mazou-avocats.ch\\\/en\\\/news\\\/articles\\\/proces-historique-de-beny-steinmetz\\\/\",\"name\":\"Proc\u00e8s historique de Beny Steinmetz - mazou-avocats.ch\",\"isPartOf\":{\"@id\":\"https:\\\/\\\/mazou-avocats.ch\\\/en\\\/#website\"},\"datePublished\":\"2021-01-23T17:20:00+00:00\",\"dateModified\":\"2024-09-20T06:06:55+00:00\",\"breadcrumb\":{\"@id\":\"https:\\\/\\\/mazou-avocats.ch\\\/en\\\/news\\\/articles\\\/proces-historique-de-beny-steinmetz\\\/#breadcrumb\"},\"inLanguage\":\"en-US\",\"potentialAction\":[{\"@type\":\"ReadAction\",\"target\":[\"https:\\\/\\\/mazou-avocats.ch\\\/en\\\/news\\\/articles\\\/proces-historique-de-beny-steinmetz\\\/\"]}]},{\"@type\":\"BreadcrumbList\",\"@id\":\"https:\\\/\\\/mazou-avocats.ch\\\/en\\\/news\\\/articles\\\/proces-historique-de-beny-steinmetz\\\/#breadcrumb\",\"itemListElement\":[{\"@type\":\"ListItem\",\"position\":1,\"name\":\"Accueil\",\"item\":\"https:\\\/\\\/mazou-avocats.ch\\\/en\\\/\"},{\"@type\":\"ListItem\",\"position\":2,\"name\":\"Proc\u00e8s historique de Beny Steinmetz\"}]},{\"@type\":\"WebSite\",\"@id\":\"https:\\\/\\\/mazou-avocats.ch\\\/en\\\/#website\",\"url\":\"https:\\\/\\\/mazou-avocats.ch\\\/en\\\/\",\"name\":\"mazou-avocats.ch\",\"description\":\"Droit p\u00e9nal des affaires \u2013 Entraide internationale\",\"publisher\":{\"@id\":\"https:\\\/\\\/mazou-avocats.ch\\\/en\\\/#organization\"},\"potentialAction\":[{\"@type\":\"SearchAction\",\"target\":{\"@type\":\"EntryPoint\",\"urlTemplate\":\"https:\\\/\\\/mazou-avocats.ch\\\/en\\\/?s={search_term_string}\"},\"query-input\":{\"@type\":\"PropertyValueSpecification\",\"valueRequired\":true,\"valueName\":\"search_term_string\"}}],\"inLanguage\":\"en-US\"},{\"@type\":\"Organization\",\"@id\":\"https:\\\/\\\/mazou-avocats.ch\\\/en\\\/#organization\",\"name\":\"Mazou Avocats\",\"url\":\"https:\\\/\\\/mazou-avocats.ch\\\/en\\\/\",\"logo\":{\"@type\":\"ImageObject\",\"inLanguage\":\"en-US\",\"@id\":\"https:\\\/\\\/mazou-avocats.ch\\\/en\\\/#\\\/schema\\\/logo\\\/image\\\/\",\"url\":\"https:\\\/\\\/mazou-avocats.ch\\\/wp-content\\\/uploads\\\/mazou-avocats_logo_cuivre_final_07-07.png\",\"contentUrl\":\"https:\\\/\\\/mazou-avocats.ch\\\/wp-content\\\/uploads\\\/mazou-avocats_logo_cuivre_final_07-07.png\",\"width\":914,\"height\":248,\"caption\":\"Mazou Avocats\"},\"image\":{\"@id\":\"https:\\\/\\\/mazou-avocats.ch\\\/en\\\/#\\\/schema\\\/logo\\\/image\\\/\"},\"sameAs\":[\"https:\\\/\\\/ch.linkedin.com\\\/in\\\/miriam-mazou-98512520\"]},{\"@type\":\"Person\",\"@id\":\"https:\\\/\\\/mazou-avocats.ch\\\/en\\\/#\\\/schema\\\/person\\\/d44654791b728b843e14ebb13dd60728\",\"name\":\"Miriam Mazou\",\"image\":{\"@type\":\"ImageObject\",\"inLanguage\":\"en-US\",\"@id\":\"https:\\\/\\\/secure.gravatar.com\\\/avatar\\\/a8439fe1f2364e776f0b2652564b26072ebcac85219a03b33785e68a08d7e5c6?s=96&d=mm&r=g\",\"url\":\"https:\\\/\\\/secure.gravatar.com\\\/avatar\\\/a8439fe1f2364e776f0b2652564b26072ebcac85219a03b33785e68a08d7e5c6?s=96&d=mm&r=g\",\"contentUrl\":\"https:\\\/\\\/secure.gravatar.com\\\/avatar\\\/a8439fe1f2364e776f0b2652564b26072ebcac85219a03b33785e68a08d7e5c6?s=96&d=mm&r=g\",\"caption\":\"Miriam Mazou\"},\"url\":\"https:\\\/\\\/mazou-avocats.ch\\\/en\\\/author\\\/miriam\\\/\"}]}<\/script>\n<!-- \/ Yoast SEO plugin. -->","yoast_head_json":{"title":"Proc\u00e8s historique de Beny Steinmetz - mazou-avocats.ch","robots":{"index":"index","follow":"follow","max-snippet":"max-snippet:-1","max-image-preview":"max-image-preview:large","max-video-preview":"max-video-preview:-1"},"canonical":"https:\/\/mazou-avocats.ch\/en\/news\/articles\/proces-historique-de-beny-steinmetz\/","og_locale":"en_US","og_type":"article","og_title":"Proc\u00e8s historique de Beny Steinmetz - mazou-avocats.ch","og_description":"Cinq ans de peine privative de libert\u00e9. Telle est la sanction que le Tribunal correctionnel genevois a prononc\u00e9 vendredi contre Beny Steinmetz. Ce dernier a \u00e9t\u00e9&nbsp;reconnu coupable de corruption&nbsp;d\u2019agents publics \u00e9trangers et de faux dans les titres en lien avec des faits dont l\u2019accusation a plaid\u00e9 qu\u2019il s\u2019agissait d\u2019un&nbsp;\u00ab&nbsp;cas d\u2019\u00e9cole \u00bb de corruption. Il s\u2019agit [&hellip;]","og_url":"https:\/\/mazou-avocats.ch\/en\/news\/articles\/proces-historique-de-beny-steinmetz\/","og_site_name":"mazou-avocats.ch","article_published_time":"2021-01-23T17:20:00+00:00","article_modified_time":"2024-09-20T06:06:55+00:00","author":"Miriam Mazou","twitter_card":"summary_large_image","twitter_misc":{"Written by":"Miriam Mazou","Est. reading time":"1 minute"},"schema":{"@context":"https:\/\/schema.org","@graph":[{"@type":"Article","@id":"https:\/\/mazou-avocats.ch\/en\/news\/articles\/proces-historique-de-beny-steinmetz\/#article","isPartOf":{"@id":"https:\/\/mazou-avocats.ch\/en\/news\/articles\/proces-historique-de-beny-steinmetz\/"},"author":{"name":"Miriam Mazou","@id":"https:\/\/mazou-avocats.ch\/en\/#\/schema\/person\/d44654791b728b843e14ebb13dd60728"},"headline":"Proc\u00e8s historique de Beny Steinmetz","datePublished":"2021-01-23T17:20:00+00:00","dateModified":"2024-09-20T06:06:55+00:00","mainEntityOfPage":{"@id":"https:\/\/mazou-avocats.ch\/en\/news\/articles\/proces-historique-de-beny-steinmetz\/"},"wordCount":133,"publisher":{"@id":"https:\/\/mazou-avocats.ch\/en\/#organization"},"articleSection":["Articles"],"inLanguage":"en-US"},{"@type":"WebPage","@id":"https:\/\/mazou-avocats.ch\/en\/news\/articles\/proces-historique-de-beny-steinmetz\/","url":"https:\/\/mazou-avocats.ch\/en\/news\/articles\/proces-historique-de-beny-steinmetz\/","name":"Proc\u00e8s historique de Beny Steinmetz - mazou-avocats.ch","isPartOf":{"@id":"https:\/\/mazou-avocats.ch\/en\/#website"},"datePublished":"2021-01-23T17:20:00+00:00","dateModified":"2024-09-20T06:06:55+00:00","breadcrumb":{"@id":"https:\/\/mazou-avocats.ch\/en\/news\/articles\/proces-historique-de-beny-steinmetz\/#breadcrumb"},"inLanguage":"en-US","potentialAction":[{"@type":"ReadAction","target":["https:\/\/mazou-avocats.ch\/en\/news\/articles\/proces-historique-de-beny-steinmetz\/"]}]},{"@type":"BreadcrumbList","@id":"https:\/\/mazou-avocats.ch\/en\/news\/articles\/proces-historique-de-beny-steinmetz\/#breadcrumb","itemListElement":[{"@type":"ListItem","position":1,"name":"Accueil","item":"https:\/\/mazou-avocats.ch\/en\/"},{"@type":"ListItem","position":2,"name":"Proc\u00e8s historique de Beny Steinmetz"}]},{"@type":"WebSite","@id":"https:\/\/mazou-avocats.ch\/en\/#website","url":"https:\/\/mazou-avocats.ch\/en\/","name":"mazou-avocats.ch","description":"Droit p\u00e9nal des affaires \u2013 Entraide internationale","publisher":{"@id":"https:\/\/mazou-avocats.ch\/en\/#organization"},"potentialAction":[{"@type":"SearchAction","target":{"@type":"EntryPoint","urlTemplate":"https:\/\/mazou-avocats.ch\/en\/?s={search_term_string}"},"query-input":{"@type":"PropertyValueSpecification","valueRequired":true,"valueName":"search_term_string"}}],"inLanguage":"en-US"},{"@type":"Organization","@id":"https:\/\/mazou-avocats.ch\/en\/#organization","name":"Mazou Avocats","url":"https:\/\/mazou-avocats.ch\/en\/","logo":{"@type":"ImageObject","inLanguage":"en-US","@id":"https:\/\/mazou-avocats.ch\/en\/#\/schema\/logo\/image\/","url":"https:\/\/mazou-avocats.ch\/wp-content\/uploads\/mazou-avocats_logo_cuivre_final_07-07.png","contentUrl":"https:\/\/mazou-avocats.ch\/wp-content\/uploads\/mazou-avocats_logo_cuivre_final_07-07.png","width":914,"height":248,"caption":"Mazou Avocats"},"image":{"@id":"https:\/\/mazou-avocats.ch\/en\/#\/schema\/logo\/image\/"},"sameAs":["https:\/\/ch.linkedin.com\/in\/miriam-mazou-98512520"]},{"@type":"Person","@id":"https:\/\/mazou-avocats.ch\/en\/#\/schema\/person\/d44654791b728b843e14ebb13dd60728","name":"Miriam Mazou","image":{"@type":"ImageObject","inLanguage":"en-US","@id":"https:\/\/secure.gravatar.com\/avatar\/a8439fe1f2364e776f0b2652564b26072ebcac85219a03b33785e68a08d7e5c6?s=96&d=mm&r=g","url":"https:\/\/secure.gravatar.com\/avatar\/a8439fe1f2364e776f0b2652564b26072ebcac85219a03b33785e68a08d7e5c6?s=96&d=mm&r=g","contentUrl":"https:\/\/secure.gravatar.com\/avatar\/a8439fe1f2364e776f0b2652564b26072ebcac85219a03b33785e68a08d7e5c6?s=96&d=mm&r=g","caption":"Miriam Mazou"},"url":"https:\/\/mazou-avocats.ch\/en\/author\/miriam\/"}]}},"_links":{"self":[{"href":"https:\/\/mazou-avocats.ch\/en\/wp-json\/wp\/v2\/posts\/9652","targetHints":{"allow":["GET"]}}],"collection":[{"href":"https:\/\/mazou-avocats.ch\/en\/wp-json\/wp\/v2\/posts"}],"about":[{"href":"https:\/\/mazou-avocats.ch\/en\/wp-json\/wp\/v2\/types\/post"}],"author":[{"embeddable":true,"href":"https:\/\/mazou-avocats.ch\/en\/wp-json\/wp\/v2\/users\/5"}],"replies":[{"embeddable":true,"href":"https:\/\/mazou-avocats.ch\/en\/wp-json\/wp\/v2\/comments?post=9652"}],"version-history":[{"count":4,"href":"https:\/\/mazou-avocats.ch\/en\/wp-json\/wp\/v2\/posts\/9652\/revisions"}],"predecessor-version":[{"id":11456,"href":"https:\/\/mazou-avocats.ch\/en\/wp-json\/wp\/v2\/posts\/9652\/revisions\/11456"}],"wp:attachment":[{"href":"https:\/\/mazou-avocats.ch\/en\/wp-json\/wp\/v2\/media?parent=9652"}],"wp:term":[{"taxonomy":"category","embeddable":true,"href":"https:\/\/mazou-avocats.ch\/en\/wp-json\/wp\/v2\/categories?post=9652"},{"taxonomy":"post_tag","embeddable":true,"href":"https:\/\/mazou-avocats.ch\/en\/wp-json\/wp\/v2\/tags?post=9652"}],"curies":[{"name":"wp","href":"https:\/\/api.w.org\/{rel}","templated":true}]}}