{"id":9679,"date":"2020-02-07T12:46:00","date_gmt":"2020-02-07T11:46:00","guid":{"rendered":"https:\/\/mazou-avocats.ch\/conference-la-banque-creanciere-face-au-sequestre-et-a-la-confiscation\/"},"modified":"2024-09-20T08:07:46","modified_gmt":"2024-09-20T06:07:46","slug":"conference-la-banque-creanciere-face-au-sequestre-et-a-la-confiscation","status":"publish","type":"post","link":"https:\/\/mazou-avocats.ch\/en\/news\/conferences\/conference-la-banque-creanciere-face-au-sequestre-et-a-la-confiscation\/","title":{"rendered":"Conf\u00e9rence \u00ab La banque cr\u00e9anci\u00e8re face au s\u00e9questre et \u00e0 la confiscation \u00bb"},"content":{"rendered":"\n<p>Laurent Moreillon et Miriam Mazou ont donn\u00e9, lors de la journ\u00e9e de droit p\u00e9nal de l\u2019entreprise du 7 f\u00e9vrier 2020, organis\u00e9e \u00e0 l\u2019Universit\u00e9 de Lausanne par le Centre de droit de l\u2019entreprise \u2013 CEDIDAC et les Prof. Macaluso, Moreillon, Lombardi et Garbarski une conf\u00e9rence intitul\u00e9e \u00ab <strong>La banque cr\u00e9anci\u00e8re face au s\u00e9questre et \u00e0 la confiscation<\/strong> \u00bb<\/p>\n","protected":false},"excerpt":{"rendered":"<p>Laurent Moreillon et Miriam Mazou ont donn\u00e9, lors de la journ\u00e9e de droit p\u00e9nal de l\u2019entreprise du 7 f\u00e9vrier 2020, organis\u00e9e \u00e0 l\u2019Universit\u00e9 de Lausanne par le Centre de droit de l\u2019entreprise \u2013 CEDIDAC et les Prof. Macaluso, Moreillon, Lombardi et Garbarski une conf\u00e9rence intitul\u00e9e \u00ab La banque cr\u00e9anci\u00e8re face au s\u00e9questre et \u00e0 la [&hellip;]<\/p>\n","protected":false},"author":5,"featured_media":0,"comment_status":"closed","ping_status":"closed","sticky":false,"template":"","format":"standard","meta":{"footnotes":""},"categories":[54],"tags":[],"class_list":["post-9679","post","type-post","status-publish","format-standard","hentry","category-conferences"],"yoast_head":"<!-- This site is optimized with the Yoast SEO plugin v27.5 - https:\/\/yoast.com\/product\/yoast-seo-wordpress\/ -->\n<title>Conf\u00e9rence \u00ab La banque cr\u00e9anci\u00e8re face au s\u00e9questre et \u00e0 la confiscation \u00bb - mazou-avocats.ch<\/title>\n<meta name=\"robots\" content=\"index, follow, max-snippet:-1, max-image-preview:large, max-video-preview:-1\" \/>\n<link rel=\"canonical\" href=\"https:\/\/mazou-avocats.ch\/en\/news\/conferences\/conference-la-banque-creanciere-face-au-sequestre-et-a-la-confiscation\/\" \/>\n<meta property=\"og:locale\" content=\"en_US\" \/>\n<meta property=\"og:type\" content=\"article\" \/>\n<meta property=\"og:title\" content=\"Conf\u00e9rence \u00ab La banque cr\u00e9anci\u00e8re face au s\u00e9questre et \u00e0 la confiscation \u00bb - mazou-avocats.ch\" \/>\n<meta property=\"og:description\" content=\"Laurent Moreillon et Miriam Mazou ont donn\u00e9, lors de la journ\u00e9e de droit p\u00e9nal de l\u2019entreprise du 7 f\u00e9vrier 2020, organis\u00e9e \u00e0 l\u2019Universit\u00e9 de Lausanne par le Centre de droit de l\u2019entreprise \u2013 CEDIDAC et les Prof. Macaluso, Moreillon, Lombardi et Garbarski une conf\u00e9rence intitul\u00e9e \u00ab La banque cr\u00e9anci\u00e8re face au s\u00e9questre et \u00e0 la [&hellip;]\" \/>\n<meta property=\"og:url\" content=\"https:\/\/mazou-avocats.ch\/en\/news\/conferences\/conference-la-banque-creanciere-face-au-sequestre-et-a-la-confiscation\/\" \/>\n<meta property=\"og:site_name\" content=\"mazou-avocats.ch\" \/>\n<meta property=\"article:published_time\" content=\"2020-02-07T11:46:00+00:00\" \/>\n<meta property=\"article:modified_time\" content=\"2024-09-20T06:07:46+00:00\" \/>\n<meta name=\"author\" content=\"Miriam Mazou\" \/>\n<meta name=\"twitter:card\" content=\"summary_large_image\" \/>\n<meta name=\"twitter:label1\" content=\"Written by\" \/>\n\t<meta name=\"twitter:data1\" content=\"Miriam Mazou\" \/>\n\t<meta name=\"twitter:label2\" content=\"Est. reading time\" \/>\n\t<meta name=\"twitter:data2\" content=\"1 minute\" \/>\n<script type=\"application\/ld+json\" class=\"yoast-schema-graph\">{\"@context\":\"https:\\\/\\\/schema.org\",\"@graph\":[{\"@type\":\"Article\",\"@id\":\"https:\\\/\\\/mazou-avocats.ch\\\/en\\\/news\\\/conferences\\\/conference-la-banque-creanciere-face-au-sequestre-et-a-la-confiscation\\\/#article\",\"isPartOf\":{\"@id\":\"https:\\\/\\\/mazou-avocats.ch\\\/en\\\/news\\\/conferences\\\/conference-la-banque-creanciere-face-au-sequestre-et-a-la-confiscation\\\/\"},\"author\":{\"name\":\"Miriam Mazou\",\"@id\":\"https:\\\/\\\/mazou-avocats.ch\\\/en\\\/#\\\/schema\\\/person\\\/d44654791b728b843e14ebb13dd60728\"},\"headline\":\"Conf\u00e9rence \u00ab La banque cr\u00e9anci\u00e8re face au s\u00e9questre et \u00e0 la confiscation \u00bb\",\"datePublished\":\"2020-02-07T11:46:00+00:00\",\"dateModified\":\"2024-09-20T06:07:46+00:00\",\"mainEntityOfPage\":{\"@id\":\"https:\\\/\\\/mazou-avocats.ch\\\/en\\\/news\\\/conferences\\\/conference-la-banque-creanciere-face-au-sequestre-et-a-la-confiscation\\\/\"},\"wordCount\":76,\"publisher\":{\"@id\":\"https:\\\/\\\/mazou-avocats.ch\\\/en\\\/#organization\"},\"articleSection\":[\"Conferences\"],\"inLanguage\":\"en-US\"},{\"@type\":\"WebPage\",\"@id\":\"https:\\\/\\\/mazou-avocats.ch\\\/en\\\/news\\\/conferences\\\/conference-la-banque-creanciere-face-au-sequestre-et-a-la-confiscation\\\/\",\"url\":\"https:\\\/\\\/mazou-avocats.ch\\\/en\\\/news\\\/conferences\\\/conference-la-banque-creanciere-face-au-sequestre-et-a-la-confiscation\\\/\",\"name\":\"Conf\u00e9rence \u00ab La banque cr\u00e9anci\u00e8re face au s\u00e9questre et \u00e0 la confiscation \u00bb - mazou-avocats.ch\",\"isPartOf\":{\"@id\":\"https:\\\/\\\/mazou-avocats.ch\\\/en\\\/#website\"},\"datePublished\":\"2020-02-07T11:46:00+00:00\",\"dateModified\":\"2024-09-20T06:07:46+00:00\",\"breadcrumb\":{\"@id\":\"https:\\\/\\\/mazou-avocats.ch\\\/en\\\/news\\\/conferences\\\/conference-la-banque-creanciere-face-au-sequestre-et-a-la-confiscation\\\/#breadcrumb\"},\"inLanguage\":\"en-US\",\"potentialAction\":[{\"@type\":\"ReadAction\",\"target\":[\"https:\\\/\\\/mazou-avocats.ch\\\/en\\\/news\\\/conferences\\\/conference-la-banque-creanciere-face-au-sequestre-et-a-la-confiscation\\\/\"]}]},{\"@type\":\"BreadcrumbList\",\"@id\":\"https:\\\/\\\/mazou-avocats.ch\\\/en\\\/news\\\/conferences\\\/conference-la-banque-creanciere-face-au-sequestre-et-a-la-confiscation\\\/#breadcrumb\",\"itemListElement\":[{\"@type\":\"ListItem\",\"position\":1,\"name\":\"Accueil\",\"item\":\"https:\\\/\\\/mazou-avocats.ch\\\/en\\\/\"},{\"@type\":\"ListItem\",\"position\":2,\"name\":\"Conf\u00e9rence \u00ab La banque cr\u00e9anci\u00e8re face au s\u00e9questre et \u00e0 la confiscation \u00bb\"}]},{\"@type\":\"WebSite\",\"@id\":\"https:\\\/\\\/mazou-avocats.ch\\\/en\\\/#website\",\"url\":\"https:\\\/\\\/mazou-avocats.ch\\\/en\\\/\",\"name\":\"mazou-avocats.ch\",\"description\":\"Droit p\u00e9nal des affaires \u2013 Entraide internationale\",\"publisher\":{\"@id\":\"https:\\\/\\\/mazou-avocats.ch\\\/en\\\/#organization\"},\"potentialAction\":[{\"@type\":\"SearchAction\",\"target\":{\"@type\":\"EntryPoint\",\"urlTemplate\":\"https:\\\/\\\/mazou-avocats.ch\\\/en\\\/?s={search_term_string}\"},\"query-input\":{\"@type\":\"PropertyValueSpecification\",\"valueRequired\":true,\"valueName\":\"search_term_string\"}}],\"inLanguage\":\"en-US\"},{\"@type\":\"Organization\",\"@id\":\"https:\\\/\\\/mazou-avocats.ch\\\/en\\\/#organization\",\"name\":\"Mazou Avocats\",\"url\":\"https:\\\/\\\/mazou-avocats.ch\\\/en\\\/\",\"logo\":{\"@type\":\"ImageObject\",\"inLanguage\":\"en-US\",\"@id\":\"https:\\\/\\\/mazou-avocats.ch\\\/en\\\/#\\\/schema\\\/logo\\\/image\\\/\",\"url\":\"https:\\\/\\\/mazou-avocats.ch\\\/wp-content\\\/uploads\\\/mazou-avocats_logo_cuivre_final_07-07.png\",\"contentUrl\":\"https:\\\/\\\/mazou-avocats.ch\\\/wp-content\\\/uploads\\\/mazou-avocats_logo_cuivre_final_07-07.png\",\"width\":914,\"height\":248,\"caption\":\"Mazou Avocats\"},\"image\":{\"@id\":\"https:\\\/\\\/mazou-avocats.ch\\\/en\\\/#\\\/schema\\\/logo\\\/image\\\/\"},\"sameAs\":[\"https:\\\/\\\/ch.linkedin.com\\\/in\\\/miriam-mazou-98512520\"]},{\"@type\":\"Person\",\"@id\":\"https:\\\/\\\/mazou-avocats.ch\\\/en\\\/#\\\/schema\\\/person\\\/d44654791b728b843e14ebb13dd60728\",\"name\":\"Miriam Mazou\",\"image\":{\"@type\":\"ImageObject\",\"inLanguage\":\"en-US\",\"@id\":\"https:\\\/\\\/secure.gravatar.com\\\/avatar\\\/a8439fe1f2364e776f0b2652564b26072ebcac85219a03b33785e68a08d7e5c6?s=96&d=mm&r=g\",\"url\":\"https:\\\/\\\/secure.gravatar.com\\\/avatar\\\/a8439fe1f2364e776f0b2652564b26072ebcac85219a03b33785e68a08d7e5c6?s=96&d=mm&r=g\",\"contentUrl\":\"https:\\\/\\\/secure.gravatar.com\\\/avatar\\\/a8439fe1f2364e776f0b2652564b26072ebcac85219a03b33785e68a08d7e5c6?s=96&d=mm&r=g\",\"caption\":\"Miriam Mazou\"},\"url\":\"https:\\\/\\\/mazou-avocats.ch\\\/en\\\/author\\\/miriam\\\/\"}]}<\/script>\n<!-- \/ Yoast SEO plugin. -->","yoast_head_json":{"title":"Conf\u00e9rence \u00ab La banque cr\u00e9anci\u00e8re face au s\u00e9questre et \u00e0 la confiscation \u00bb - mazou-avocats.ch","robots":{"index":"index","follow":"follow","max-snippet":"max-snippet:-1","max-image-preview":"max-image-preview:large","max-video-preview":"max-video-preview:-1"},"canonical":"https:\/\/mazou-avocats.ch\/en\/news\/conferences\/conference-la-banque-creanciere-face-au-sequestre-et-a-la-confiscation\/","og_locale":"en_US","og_type":"article","og_title":"Conf\u00e9rence \u00ab La banque cr\u00e9anci\u00e8re face au s\u00e9questre et \u00e0 la confiscation \u00bb - mazou-avocats.ch","og_description":"Laurent Moreillon et Miriam Mazou ont donn\u00e9, lors de la journ\u00e9e de droit p\u00e9nal de l\u2019entreprise du 7 f\u00e9vrier 2020, organis\u00e9e \u00e0 l\u2019Universit\u00e9 de Lausanne par le Centre de droit de l\u2019entreprise \u2013 CEDIDAC et les Prof. Macaluso, Moreillon, Lombardi et Garbarski une conf\u00e9rence intitul\u00e9e \u00ab La banque cr\u00e9anci\u00e8re face au s\u00e9questre et \u00e0 la [&hellip;]","og_url":"https:\/\/mazou-avocats.ch\/en\/news\/conferences\/conference-la-banque-creanciere-face-au-sequestre-et-a-la-confiscation\/","og_site_name":"mazou-avocats.ch","article_published_time":"2020-02-07T11:46:00+00:00","article_modified_time":"2024-09-20T06:07:46+00:00","author":"Miriam Mazou","twitter_card":"summary_large_image","twitter_misc":{"Written by":"Miriam Mazou","Est. reading time":"1 minute"},"schema":{"@context":"https:\/\/schema.org","@graph":[{"@type":"Article","@id":"https:\/\/mazou-avocats.ch\/en\/news\/conferences\/conference-la-banque-creanciere-face-au-sequestre-et-a-la-confiscation\/#article","isPartOf":{"@id":"https:\/\/mazou-avocats.ch\/en\/news\/conferences\/conference-la-banque-creanciere-face-au-sequestre-et-a-la-confiscation\/"},"author":{"name":"Miriam Mazou","@id":"https:\/\/mazou-avocats.ch\/en\/#\/schema\/person\/d44654791b728b843e14ebb13dd60728"},"headline":"Conf\u00e9rence \u00ab La banque cr\u00e9anci\u00e8re face au s\u00e9questre et \u00e0 la confiscation \u00bb","datePublished":"2020-02-07T11:46:00+00:00","dateModified":"2024-09-20T06:07:46+00:00","mainEntityOfPage":{"@id":"https:\/\/mazou-avocats.ch\/en\/news\/conferences\/conference-la-banque-creanciere-face-au-sequestre-et-a-la-confiscation\/"},"wordCount":76,"publisher":{"@id":"https:\/\/mazou-avocats.ch\/en\/#organization"},"articleSection":["Conferences"],"inLanguage":"en-US"},{"@type":"WebPage","@id":"https:\/\/mazou-avocats.ch\/en\/news\/conferences\/conference-la-banque-creanciere-face-au-sequestre-et-a-la-confiscation\/","url":"https:\/\/mazou-avocats.ch\/en\/news\/conferences\/conference-la-banque-creanciere-face-au-sequestre-et-a-la-confiscation\/","name":"Conf\u00e9rence \u00ab La banque cr\u00e9anci\u00e8re face au s\u00e9questre et \u00e0 la confiscation \u00bb - mazou-avocats.ch","isPartOf":{"@id":"https:\/\/mazou-avocats.ch\/en\/#website"},"datePublished":"2020-02-07T11:46:00+00:00","dateModified":"2024-09-20T06:07:46+00:00","breadcrumb":{"@id":"https:\/\/mazou-avocats.ch\/en\/news\/conferences\/conference-la-banque-creanciere-face-au-sequestre-et-a-la-confiscation\/#breadcrumb"},"inLanguage":"en-US","potentialAction":[{"@type":"ReadAction","target":["https:\/\/mazou-avocats.ch\/en\/news\/conferences\/conference-la-banque-creanciere-face-au-sequestre-et-a-la-confiscation\/"]}]},{"@type":"BreadcrumbList","@id":"https:\/\/mazou-avocats.ch\/en\/news\/conferences\/conference-la-banque-creanciere-face-au-sequestre-et-a-la-confiscation\/#breadcrumb","itemListElement":[{"@type":"ListItem","position":1,"name":"Accueil","item":"https:\/\/mazou-avocats.ch\/en\/"},{"@type":"ListItem","position":2,"name":"Conf\u00e9rence \u00ab La banque cr\u00e9anci\u00e8re face au s\u00e9questre et \u00e0 la confiscation \u00bb"}]},{"@type":"WebSite","@id":"https:\/\/mazou-avocats.ch\/en\/#website","url":"https:\/\/mazou-avocats.ch\/en\/","name":"mazou-avocats.ch","description":"Droit p\u00e9nal des affaires \u2013 Entraide internationale","publisher":{"@id":"https:\/\/mazou-avocats.ch\/en\/#organization"},"potentialAction":[{"@type":"SearchAction","target":{"@type":"EntryPoint","urlTemplate":"https:\/\/mazou-avocats.ch\/en\/?s={search_term_string}"},"query-input":{"@type":"PropertyValueSpecification","valueRequired":true,"valueName":"search_term_string"}}],"inLanguage":"en-US"},{"@type":"Organization","@id":"https:\/\/mazou-avocats.ch\/en\/#organization","name":"Mazou Avocats","url":"https:\/\/mazou-avocats.ch\/en\/","logo":{"@type":"ImageObject","inLanguage":"en-US","@id":"https:\/\/mazou-avocats.ch\/en\/#\/schema\/logo\/image\/","url":"https:\/\/mazou-avocats.ch\/wp-content\/uploads\/mazou-avocats_logo_cuivre_final_07-07.png","contentUrl":"https:\/\/mazou-avocats.ch\/wp-content\/uploads\/mazou-avocats_logo_cuivre_final_07-07.png","width":914,"height":248,"caption":"Mazou Avocats"},"image":{"@id":"https:\/\/mazou-avocats.ch\/en\/#\/schema\/logo\/image\/"},"sameAs":["https:\/\/ch.linkedin.com\/in\/miriam-mazou-98512520"]},{"@type":"Person","@id":"https:\/\/mazou-avocats.ch\/en\/#\/schema\/person\/d44654791b728b843e14ebb13dd60728","name":"Miriam Mazou","image":{"@type":"ImageObject","inLanguage":"en-US","@id":"https:\/\/secure.gravatar.com\/avatar\/a8439fe1f2364e776f0b2652564b26072ebcac85219a03b33785e68a08d7e5c6?s=96&d=mm&r=g","url":"https:\/\/secure.gravatar.com\/avatar\/a8439fe1f2364e776f0b2652564b26072ebcac85219a03b33785e68a08d7e5c6?s=96&d=mm&r=g","contentUrl":"https:\/\/secure.gravatar.com\/avatar\/a8439fe1f2364e776f0b2652564b26072ebcac85219a03b33785e68a08d7e5c6?s=96&d=mm&r=g","caption":"Miriam Mazou"},"url":"https:\/\/mazou-avocats.ch\/en\/author\/miriam\/"}]}},"_links":{"self":[{"href":"https:\/\/mazou-avocats.ch\/en\/wp-json\/wp\/v2\/posts\/9679","targetHints":{"allow":["GET"]}}],"collection":[{"href":"https:\/\/mazou-avocats.ch\/en\/wp-json\/wp\/v2\/posts"}],"about":[{"href":"https:\/\/mazou-avocats.ch\/en\/wp-json\/wp\/v2\/types\/post"}],"author":[{"embeddable":true,"href":"https:\/\/mazou-avocats.ch\/en\/wp-json\/wp\/v2\/users\/5"}],"replies":[{"embeddable":true,"href":"https:\/\/mazou-avocats.ch\/en\/wp-json\/wp\/v2\/comments?post=9679"}],"version-history":[{"count":4,"href":"https:\/\/mazou-avocats.ch\/en\/wp-json\/wp\/v2\/posts\/9679\/revisions"}],"predecessor-version":[{"id":11465,"href":"https:\/\/mazou-avocats.ch\/en\/wp-json\/wp\/v2\/posts\/9679\/revisions\/11465"}],"wp:attachment":[{"href":"https:\/\/mazou-avocats.ch\/en\/wp-json\/wp\/v2\/media?parent=9679"}],"wp:term":[{"taxonomy":"category","embeddable":true,"href":"https:\/\/mazou-avocats.ch\/en\/wp-json\/wp\/v2\/categories?post=9679"},{"taxonomy":"post_tag","embeddable":true,"href":"https:\/\/mazou-avocats.ch\/en\/wp-json\/wp\/v2\/tags?post=9679"}],"curies":[{"name":"wp","href":"https:\/\/api.w.org\/{rel}","templated":true}]}}